{"id":480,"date":"2017-06-02T10:30:22","date_gmt":"2017-06-02T14:30:22","guid":{"rendered":"http:\/\/www.jaideresbell.com.br\/site\/?p=480"},"modified":"2017-06-02T10:30:22","modified_gmt":"2017-06-02T14:30:22","slug":"exposicao-epu-tito-artes-e-indigenas-hoje-textos-da-curadoria-3","status":"publish","type":"post","link":"http:\/\/www.jaideresbell.com.br\/site\/2017\/06\/02\/exposicao-epu-tito-artes-e-indigenas-hoje-textos-da-curadoria-3\/","title":{"rendered":"Exposi\u00e7\u00e3o EPU-T\u00ceTO \u2013 Artes e ind\u00edgenas hoje \u2013 Textos da curadoria"},"content":{"rendered":"<p>Texto 03 &#8211; O PROTAGONISMO IND\u00cdGENA &#8211; PAISAGEM E DIVERSIDADE NATIVA<br \/>\nTema contextual do III Encontro de Todos os Povos, aos artistas ind\u00edgenas, coube o desafio de representar na arte a s\u00edntese de realidades e possibilidades. Pretend\u00edamos evidenciar a passagem, a presen\u00e7a ou aus\u00eancia dos ind\u00edgenas na paisagem e no contexto contempor\u00e2neo. O resultado \u00e9 apresentado nas obras de \u00c1vilo Esbell, Amazoner Okaba, Bart\u00f4, Carm\u00e9zia Emiliano, Charles Gabriel, Isaias Miliano, Jaider Esbell, Luiz Matheus, M\u00e1rio Flores Taurepang, Flor\u00eancio Taurepang, Alan Raposo, Diogo Lima e Vinicius Kenede. Cada obra desta exposi\u00e7\u00e3o carrega, em particular, elementos que se associam e se dispersam na conjuntura e em contextos. O mundo precisa de rumo. Os ind\u00edgenas ainda vivem e podem ter um, mas est\u00e3o invis\u00edveis. Sem pretender possuir a grande sa\u00edda, artistas falam de trajet\u00f3ria, de ancestralidades, da teia da vida e da harmonia com a natureza. Poderiam saberes e poderes ancestrais fazer conex\u00e3o com o conhecimento cientifico e a tecnologia de ponta? Poderia, mas \u00e9 preciso que o conhecedor de ancestralidades seja visto como tal. Estudar invisibilidade na arte, sendo o \u00edndio o elemento criador e invisibilizado, pode ter um efeito eruptivo de mostrar isso. A mostra revela-se como convite, de outro modo, com outras cores, outros ajustes. Como toda arte, pede que o interlocutor se permita o exerc\u00edcio de estar, por um breve momento, fora de si e dentro do outro. N\u00e3o \u00e9 romper, agredir, radicalizar. O que seria, ent\u00e3o, esse di\u00e1logo? Os artistas convidam seus olhos a passearem demoradamente em cada ponto, curva, linha. No fim, nada mais existir\u00e1 se n\u00e3o n\u00f3s, como iguais. Nas dores, nas alegrias, nas misturas da grande conex\u00e3o que nos faz gente, una, com tudo que h\u00e1 e o que n\u00e3o h\u00e1. O vazio est\u00e1 cheio, seus limites derramam insignific\u00e2ncia e \u00e9 urgente a reinven\u00e7\u00e3o. <\/p>\n\t<div class=\"quickshare-container\">\r\n\t<ul class=\"quickshare-genericons monochrome quickshare-effect-spin quickshare-effect-expand\">\r\n\t\t<li class=\"quickshare-share\">Compartilhe:<\/li> \r\n\t\t<li><a href=\"https:\/\/facebook.com\/sharer.php?u=http%3A%2F%2Fwww.jaideresbell.com.br%2Fsite%2F2017%2F06%2F02%2Fexposicao-epu-tito-artes-e-indigenas-hoje-textos-da-curadoria-3%2F&amp;t=Exposi%C3%A7%C3%A3o+EPU-T%C3%8ETO+%E2%80%93+Artes+e+ind%C3%ADgenas+hoje+%E2%80%93+Textos+da+curadoria+<+JAIDER+ESBELL\" target=\"_blank\" title=\"Share on Facebook\"><span class=\"quickshare-facebook\">Facebook<\/span><\/a><\/li>\t\t<li><a href=\"https:\/\/twitter.com\/intent\/tweet?url=http%3A%2F%2Fwww.jaideresbell.com.br%2Fsite%2F2017%2F06%2F02%2Fexposicao-epu-tito-artes-e-indigenas-hoje-textos-da-curadoria-3%2F&amp;text=Exposi%C3%A7%C3%A3o+EPU-T%C3%8ETO+%E2%80%93+Artes+e+ind%C3%ADgenas+hoje+%E2%80%93+Textos+da+curadoria+<+JAIDER+ESBELL\" target=\"_blank\" title=\"Share on Twitter\"><span class=\"quickshare-twitter\">Twitter<\/span><\/a><\/li>\t\t\t\t<li><a href=\"http:\/\/linkedin.com\/shareArticle?mini=true&amp;url=http%3A%2F%2Fwww.jaideresbell.com.br%2Fsite%2F2017%2F06%2F02%2Fexposicao-epu-tito-artes-e-indigenas-hoje-textos-da-curadoria-3%2F&amp;title=Exposi%C3%A7%C3%A3o+EPU-T%C3%8ETO+%E2%80%93+Artes+e+ind%C3%ADgenas+hoje+%E2%80%93+Textos+da+curadoria&amp;source=JAIDER+ESBELL&amp;summary=Texto+03+-+O+PROTAGONISMO+IND%C3%8DGENA+-+PAISAGEM+E+DIVERSIDADE+NATIVA+Tema+contextual+do+III+Encontro+de+Todos+os+Povos%2C+aos+artistas+ind%C3%ADgenas%2C+coube+o+desafio+de+representar+na+arte+a+s%C3%ADntese+de+realidades+e+possibilidades.+Pretend%C3%ADamos+evidenciar+a+passagem%2C%26hellip%3B\" title=\"Share on Linkedin\" target=\"_blank\"><span class=\"quickshare-linkedin\">Linkedin<\/span><\/a><\/li>\t\t<li><a href=\"https:\/\/plus.google.com\/share?url=http%3A%2F%2Fwww.jaideresbell.com.br%2Fsite%2F2017%2F06%2F02%2Fexposicao-epu-tito-artes-e-indigenas-hoje-textos-da-curadoria-3%2F\" target=\"_blank\" title=\"Share on Google+\"><span class=\"quickshare-googleplus\">Google+<\/span><\/a><\/li>\t\t<li><a href=\"http:\/\/tumblr.com\/share\/link?url=http%3A%2F%2Fwww.jaideresbell.com.br%2Fsite%2F2017%2F06%2F02%2Fexposicao-epu-tito-artes-e-indigenas-hoje-textos-da-curadoria-3%2F&amp;name=Exposi%C3%A7%C3%A3o+EPU-T%C3%8ETO+%E2%80%93+Artes+e+ind%C3%ADgenas+hoje+%E2%80%93+Textos+da+curadoria+<+JAIDER+ESBELL&amp;description=Texto+03+-+O+PROTAGONISMO+IND%C3%8DGENA+-+PAISAGEM+E+DIVERSIDADE+NATIVA+Tema+contextual+do+III+Encontro+de+Todos+os+Povos%2C+aos+artistas+ind%C3%ADgenas%2C+coube+o+desafio+de+representar+na+arte+a+s%C3%ADntese+de+realidades+e+possibilidades.+Pretend%C3%ADamos+evidenciar+a+passagem%2C%26hellip%3B\" title=\"Share on Tumblr\" target=\"_blank\"><span class=\"quickshare-tumblr\">Tumblr<\/span><\/a><\/li>\t\t<li><a href=\"http:\/\/reddit.com\/submit?url=http%3A%2F%2Fwww.jaideresbell.com.br%2Fsite%2F2017%2F06%2F02%2Fexposicao-epu-tito-artes-e-indigenas-hoje-textos-da-curadoria-3%2F&amp;title=Exposi%C3%A7%C3%A3o+EPU-T%C3%8ETO+%E2%80%93+Artes+e+ind%C3%ADgenas+hoje+%E2%80%93+Textos+da+curadoria+<+JAIDER+ESBELL\" title=\"Submit to Reddit\" target=\"_blank\"><span class=\"quickshare-reddit\">Reddit<\/span><\/a><\/li>\t\t<li><a href=\"http:\/\/stumbleupon.com\/submit?url=http%3A%2F%2Fwww.jaideresbell.com.br%2Fsite%2F2017%2F06%2F02%2Fexposicao-epu-tito-artes-e-indigenas-hoje-textos-da-curadoria-3%2F&amp;title=Exposi%C3%A7%C3%A3o+EPU-T%C3%8ETO+%E2%80%93+Artes+e+ind%C3%ADgenas+hoje+%E2%80%93+Textos+da+curadoria+<+JAIDER+ESBELL\" target=\"_blank\" title=\"Share on StumbleUpon\"><span class=\"quickshare-stumbleupon\">Stumble Upon<\/span><\/a><\/li>\t\t\t<\/ul>\r\n\t<\/div>\r\n","protected":false},"excerpt":{"rendered":"<p>Texto 03 &#8211; O PROTAGONISMO IND\u00cdGENA &#8211; PAISAGEM E DIVERSIDADE NATIVA Tema contextual do III Encontro de Todos os Povos, aos artistas ind\u00edgenas, coube o desafio de representar na arte a s\u00edntese de realidades e possibilidades. Pretend\u00edamos evidenciar a passagem, a presen\u00e7a ou aus\u00eancia dos ind\u00edgenas na paisagem e no contexto contempor\u00e2neo. O resultado \u00e9 [&hellip;]<\/p>\n","protected":false},"author":2,"featured_media":431,"comment_status":"open","ping_status":"open","sticky":false,"template":"","format":"standard","meta":{"sfsi_plus_gutenberg_text_before_share":"","sfsi_plus_gutenberg_show_text_before_share":"","sfsi_plus_gutenberg_icon_type":"","sfsi_plus_gutenberg_icon_alignemt":"","sfsi_plus_gutenburg_max_per_row":"","footnotes":""},"categories":[1],"tags":[],"_links":{"self":[{"href":"http:\/\/www.jaideresbell.com.br\/site\/wp-json\/wp\/v2\/posts\/480"}],"collection":[{"href":"http:\/\/www.jaideresbell.com.br\/site\/wp-json\/wp\/v2\/posts"}],"about":[{"href":"http:\/\/www.jaideresbell.com.br\/site\/wp-json\/wp\/v2\/types\/post"}],"author":[{"embeddable":true,"href":"http:\/\/www.jaideresbell.com.br\/site\/wp-json\/wp\/v2\/users\/2"}],"replies":[{"embeddable":true,"href":"http:\/\/www.jaideresbell.com.br\/site\/wp-json\/wp\/v2\/comments?post=480"}],"version-history":[{"count":1,"href":"http:\/\/www.jaideresbell.com.br\/site\/wp-json\/wp\/v2\/posts\/480\/revisions"}],"predecessor-version":[{"id":481,"href":"http:\/\/www.jaideresbell.com.br\/site\/wp-json\/wp\/v2\/posts\/480\/revisions\/481"}],"wp:featuredmedia":[{"embeddable":true,"href":"http:\/\/www.jaideresbell.com.br\/site\/wp-json\/wp\/v2\/media\/431"}],"wp:attachment":[{"href":"http:\/\/www.jaideresbell.com.br\/site\/wp-json\/wp\/v2\/media?parent=480"}],"wp:term":[{"taxonomy":"category","embeddable":true,"href":"http:\/\/www.jaideresbell.com.br\/site\/wp-json\/wp\/v2\/categories?post=480"},{"taxonomy":"post_tag","embeddable":true,"href":"http:\/\/www.jaideresbell.com.br\/site\/wp-json\/wp\/v2\/tags?post=480"}],"curies":[{"name":"wp","href":"https:\/\/api.w.org\/{rel}","templated":true}]}}