{"id":484,"date":"2017-06-02T10:36:31","date_gmt":"2017-06-02T14:36:31","guid":{"rendered":"http:\/\/www.jaideresbell.com.br\/site\/?p=484"},"modified":"2017-06-02T10:38:28","modified_gmt":"2017-06-02T14:38:28","slug":"exposicao-epu-tito-artes-e-indigenas-hoje-textos-da-curadoria-5","status":"publish","type":"post","link":"http:\/\/www.jaideresbell.com.br\/site\/2017\/06\/02\/exposicao-epu-tito-artes-e-indigenas-hoje-textos-da-curadoria-5\/","title":{"rendered":"Exposi\u00e7\u00e3o EPU-T\u00ceTO \u2013 Artes e ind\u00edgenas hoje \u2013 Textos da curadoria"},"content":{"rendered":"<p>Texto 05 &#8211; EPU\u2019T\u00ceTO \u2013 ARTES E IND\u00cdGENAS, HOJE<br \/>\nEPU\u2019T\u00ceTO \u00e9 SENTIMENTO, na l\u00edngua Makuxi.<br \/>\nHoje, n\u00f3s, os artistas ind\u00edgenas independentes de Roraima, mostramos um pouco de nossos sentimentos. A exposi\u00e7\u00e3o re\u00fane o trabalho realizado e organizado em forma de acervo durante 7 anos. De 2011 a 2017 temos um curto recorte no tempo e a exposi\u00e7\u00e3o revela alguns n\u00fameros que podem surpreender. S\u00e3o, ao menos, 12 artistas ind\u00edgenas entre nomes consolidados como Carm\u00e9zia Emiliano, premiada no na\u00eff e \u00fanica mulher no grupo. S\u00e3o mais de 200 obras de arte ind\u00edgena contempor\u00e2nea entre paineis e objetos tridimensionais e artesanato. S\u00e3o cinco cole\u00e7\u00f5es, coletivas e uma individual. Vacas nas Terras de Makunaima \u2013 De Malditas a Desejadas (coletiva, 2013), Meu Vizinho Karaiw\u00e1 (coletiva, 2014) e O Protagonismo Ind\u00edgena (coletiva 2015) s\u00e3o cole\u00e7\u00f5es que tratam temas comuns. A presen\u00e7a do gado bovino, sua influ\u00eancia e adi\u00e7\u00e3o na cultura Makuxi, a rela\u00e7\u00e3o entre \u00edndios e brancos e o sentido de protagonismo levantam quest\u00f5es da vida pr\u00e1tica. A Corrida para a Floresta (Jaider Esbell, 2013) \u00e9 uma cole\u00e7\u00e3o com 12 obras, produzidas nos Estados Unidos, que alertam para a acelera\u00e7\u00e3o da corrida do desenvolvimento para a floresta amaz\u00f4nica. N\u00f3s, os Xirixana, \u00e9 uma cole\u00e7\u00e3o de desenhos feitos por crian\u00e7as, jovens e adultos da comunidade Sikamabiu e evidenciam em a\u00e7\u00f5es continuadas o contato dos povos da floresta com a linguagem plural das artes. A \u00c1rvore de Todos os Saberes \u00e9 um dos projetos coletivos mais completos. O painel re\u00fane assinaturas culturais de representantes de diversos povos origin\u00e1rios do continente americano. A proposta itinerante foi idealizada e proposta em 2013, na UFMG, na Exposi\u00e7\u00e3o \u00a1MIRA!  \u2013 Artes Visuais dos Povos Ind\u00edgenas, e deve ser exposta na ONU. A EPU\u2019T\u00ceTO \u2013 ARTES E IND\u00cdGENAS, HOJE revela o trabalho reunido ao longo de sete anos de atividades contextuais dos fazeres do artista Jaider Esbell no estado de Roraima, no Brasil e no exterior. A mostra exibe trabalho de artistas ind\u00edgenas renomados, alguns com pr\u00eamios e biografias exclusivos. Expor EPU\u2019T\u00ceTO neste formato busca atender aos diversos elementos da cadeia de alcance da arte: escolas, comunidade acad\u00eamica, lideran\u00e7as, professores, institui\u00e7\u00f5es p\u00fablicas e privadas poder\u00e3o ver, sentir e conhecer a arte ind\u00edgena contempor\u00e2nea, seus artistas. Ao menos, 5 etnias &#8211; Makuxi, Wapixana, Taurepang, Patamona e Xirixana, abrem uma fresta no mundo visual contempor\u00e2neo para o pr\u00f3prio mundo encantado de suas origens m\u00edticas.       <\/p>\n\t<div class=\"quickshare-container\">\r\n\t<ul class=\"quickshare-genericons monochrome quickshare-effect-spin quickshare-effect-expand\">\r\n\t\t<li class=\"quickshare-share\">Compartilhe:<\/li> \r\n\t\t<li><a href=\"https:\/\/facebook.com\/sharer.php?u=http%3A%2F%2Fwww.jaideresbell.com.br%2Fsite%2F2017%2F06%2F02%2Fexposicao-epu-tito-artes-e-indigenas-hoje-textos-da-curadoria-5%2F&amp;t=Exposi%C3%A7%C3%A3o+EPU-T%C3%8ETO+%E2%80%93+Artes+e+ind%C3%ADgenas+hoje+%E2%80%93+Textos+da+curadoria+<+JAIDER+ESBELL\" target=\"_blank\" title=\"Share on Facebook\"><span class=\"quickshare-facebook\">Facebook<\/span><\/a><\/li>\t\t<li><a href=\"https:\/\/twitter.com\/intent\/tweet?url=http%3A%2F%2Fwww.jaideresbell.com.br%2Fsite%2F2017%2F06%2F02%2Fexposicao-epu-tito-artes-e-indigenas-hoje-textos-da-curadoria-5%2F&amp;text=Exposi%C3%A7%C3%A3o+EPU-T%C3%8ETO+%E2%80%93+Artes+e+ind%C3%ADgenas+hoje+%E2%80%93+Textos+da+curadoria+<+JAIDER+ESBELL\" target=\"_blank\" title=\"Share on Twitter\"><span class=\"quickshare-twitter\">Twitter<\/span><\/a><\/li>\t\t\t\t<li><a href=\"http:\/\/linkedin.com\/shareArticle?mini=true&amp;url=http%3A%2F%2Fwww.jaideresbell.com.br%2Fsite%2F2017%2F06%2F02%2Fexposicao-epu-tito-artes-e-indigenas-hoje-textos-da-curadoria-5%2F&amp;title=Exposi%C3%A7%C3%A3o+EPU-T%C3%8ETO+%E2%80%93+Artes+e+ind%C3%ADgenas+hoje+%E2%80%93+Textos+da+curadoria&amp;source=JAIDER+ESBELL&amp;summary=Texto+05+-+EPU%E2%80%99T%C3%8ETO+%E2%80%93+ARTES+E+IND%C3%8DGENAS%2C+HOJE+EPU%E2%80%99T%C3%8ETO+%C3%A9+SENTIMENTO%2C+na+l%C3%ADngua+Makuxi.+Hoje%2C+n%C3%B3s%2C+os+artistas+ind%C3%ADgenas+independentes+de+Roraima%2C+mostramos+um+pouco+de+nossos+sentimentos.+A+exposi%C3%A7%C3%A3o+re%C3%BAne+o+trabalho+realizado+e+organizado+em+forma+de%26hellip%3B\" title=\"Share on Linkedin\" target=\"_blank\"><span class=\"quickshare-linkedin\">Linkedin<\/span><\/a><\/li>\t\t<li><a href=\"https:\/\/plus.google.com\/share?url=http%3A%2F%2Fwww.jaideresbell.com.br%2Fsite%2F2017%2F06%2F02%2Fexposicao-epu-tito-artes-e-indigenas-hoje-textos-da-curadoria-5%2F\" target=\"_blank\" title=\"Share on Google+\"><span class=\"quickshare-googleplus\">Google+<\/span><\/a><\/li>\t\t<li><a href=\"http:\/\/tumblr.com\/share\/link?url=http%3A%2F%2Fwww.jaideresbell.com.br%2Fsite%2F2017%2F06%2F02%2Fexposicao-epu-tito-artes-e-indigenas-hoje-textos-da-curadoria-5%2F&amp;name=Exposi%C3%A7%C3%A3o+EPU-T%C3%8ETO+%E2%80%93+Artes+e+ind%C3%ADgenas+hoje+%E2%80%93+Textos+da+curadoria+<+JAIDER+ESBELL&amp;description=Texto+05+-+EPU%E2%80%99T%C3%8ETO+%E2%80%93+ARTES+E+IND%C3%8DGENAS%2C+HOJE+EPU%E2%80%99T%C3%8ETO+%C3%A9+SENTIMENTO%2C+na+l%C3%ADngua+Makuxi.+Hoje%2C+n%C3%B3s%2C+os+artistas+ind%C3%ADgenas+independentes+de+Roraima%2C+mostramos+um+pouco+de+nossos+sentimentos.+A+exposi%C3%A7%C3%A3o+re%C3%BAne+o+trabalho+realizado+e+organizado+em+forma+de%26hellip%3B\" title=\"Share on Tumblr\" target=\"_blank\"><span class=\"quickshare-tumblr\">Tumblr<\/span><\/a><\/li>\t\t<li><a href=\"http:\/\/reddit.com\/submit?url=http%3A%2F%2Fwww.jaideresbell.com.br%2Fsite%2F2017%2F06%2F02%2Fexposicao-epu-tito-artes-e-indigenas-hoje-textos-da-curadoria-5%2F&amp;title=Exposi%C3%A7%C3%A3o+EPU-T%C3%8ETO+%E2%80%93+Artes+e+ind%C3%ADgenas+hoje+%E2%80%93+Textos+da+curadoria+<+JAIDER+ESBELL\" title=\"Submit to Reddit\" target=\"_blank\"><span class=\"quickshare-reddit\">Reddit<\/span><\/a><\/li>\t\t<li><a href=\"http:\/\/stumbleupon.com\/submit?url=http%3A%2F%2Fwww.jaideresbell.com.br%2Fsite%2F2017%2F06%2F02%2Fexposicao-epu-tito-artes-e-indigenas-hoje-textos-da-curadoria-5%2F&amp;title=Exposi%C3%A7%C3%A3o+EPU-T%C3%8ETO+%E2%80%93+Artes+e+ind%C3%ADgenas+hoje+%E2%80%93+Textos+da+curadoria+<+JAIDER+ESBELL\" target=\"_blank\" title=\"Share on StumbleUpon\"><span class=\"quickshare-stumbleupon\">Stumble Upon<\/span><\/a><\/li>\t\t\t<\/ul>\r\n\t<\/div>\r\n","protected":false},"excerpt":{"rendered":"<p>Texto 05 &#8211; EPU\u2019T\u00ceTO \u2013 ARTES E IND\u00cdGENAS, HOJE EPU\u2019T\u00ceTO \u00e9 SENTIMENTO, na l\u00edngua Makuxi. Hoje, n\u00f3s, os artistas ind\u00edgenas independentes de Roraima, mostramos um pouco de nossos sentimentos. A exposi\u00e7\u00e3o re\u00fane o trabalho realizado e organizado em forma de acervo durante 7 anos. De 2011 a 2017 temos um curto recorte no tempo e [&hellip;]<\/p>\n","protected":false},"author":2,"featured_media":487,"comment_status":"open","ping_status":"open","sticky":false,"template":"","format":"standard","meta":{"sfsi_plus_gutenberg_text_before_share":"","sfsi_plus_gutenberg_show_text_before_share":"","sfsi_plus_gutenberg_icon_type":"","sfsi_plus_gutenberg_icon_alignemt":"","sfsi_plus_gutenburg_max_per_row":"","footnotes":""},"categories":[1],"tags":[],"_links":{"self":[{"href":"http:\/\/www.jaideresbell.com.br\/site\/wp-json\/wp\/v2\/posts\/484"}],"collection":[{"href":"http:\/\/www.jaideresbell.com.br\/site\/wp-json\/wp\/v2\/posts"}],"about":[{"href":"http:\/\/www.jaideresbell.com.br\/site\/wp-json\/wp\/v2\/types\/post"}],"author":[{"embeddable":true,"href":"http:\/\/www.jaideresbell.com.br\/site\/wp-json\/wp\/v2\/users\/2"}],"replies":[{"embeddable":true,"href":"http:\/\/www.jaideresbell.com.br\/site\/wp-json\/wp\/v2\/comments?post=484"}],"version-history":[{"count":1,"href":"http:\/\/www.jaideresbell.com.br\/site\/wp-json\/wp\/v2\/posts\/484\/revisions"}],"predecessor-version":[{"id":485,"href":"http:\/\/www.jaideresbell.com.br\/site\/wp-json\/wp\/v2\/posts\/484\/revisions\/485"}],"wp:featuredmedia":[{"embeddable":true,"href":"http:\/\/www.jaideresbell.com.br\/site\/wp-json\/wp\/v2\/media\/487"}],"wp:attachment":[{"href":"http:\/\/www.jaideresbell.com.br\/site\/wp-json\/wp\/v2\/media?parent=484"}],"wp:term":[{"taxonomy":"category","embeddable":true,"href":"http:\/\/www.jaideresbell.com.br\/site\/wp-json\/wp\/v2\/categories?post=484"},{"taxonomy":"post_tag","embeddable":true,"href":"http:\/\/www.jaideresbell.com.br\/site\/wp-json\/wp\/v2\/tags?post=484"}],"curies":[{"name":"wp","href":"https:\/\/api.w.org\/{rel}","templated":true}]}}